{"id":1115,"date":"2022-11-19T21:07:49","date_gmt":"2022-11-19T20:07:49","guid":{"rendered":"https:\/\/tomheithoff.de\/?p=1115"},"modified":"2025-11-13T13:24:23","modified_gmt":"2025-11-13T12:24:23","slug":"ursendung-pyramidenkorrektur-26-11-22","status":"publish","type":"post","link":"https:\/\/tomheithoff.de\/?p=1115","title":{"rendered":"Ursendung Pyramidenkorrektur 26.11.22"},"content":{"rendered":"\n<p>&#8222;Wir machen Angebote. Angebote zur Lebenszeitverk\u00fcrzung, ja so kann man das sagen&#8220;, sagt die Regierungssprecherin. &#8222;Die Rentner m\u00fcssen endlich ihren Beitrag leisten und aufh\u00f6ren, immer l\u00e4nger leben zu wollen.&#8220;<\/p>\n\n\n\n<p>Zu wenig Geld in der Pflegekasse, zu viele Rentner auf dem Sofa, eine kaputte Pyramide und ein neues politisches Programm. Das bedeutet nichts Gutes&#8230;<\/p>\n\n\n\n<p><strong>Pyramidenkorrektur<\/strong> &#8211;  Ursendung am 26.11.22 um 23 Uhr auf HR 2. Das St\u00fcck kann bis zum 25.5.2024 in der <a href=\"https:\/\/www.ardaudiothek.de\/episode\/hr2-hoerspiel\/pyramidenkorrektur-oder-hoerspiel-von-tom-heithoff\/hr2-kultur\/12123133\/\">ARD Audiothek<\/a> geh\u00f6rt und heruntergeladen werden.<\/p>\n\n\n\n<p>Gef\u00f6rdert durch die<\/p>\n\n\n\n<figure class=\"wp-block-image size-large is-resized\"><img loading=\"lazy\" decoding=\"async\" width=\"1024\" height=\"285\" src=\"https:\/\/tomheithoff.de\/wp-content\/uploads\/FS_Logo_2zeilig_rot-1024x285.jpg\" alt=\"\" class=\"wp-image-1116\" style=\"width:293px;height:auto\" srcset=\"https:\/\/tomheithoff.de\/wp-content\/uploads\/FS_Logo_2zeilig_rot-1024x285.jpg 1024w, https:\/\/tomheithoff.de\/wp-content\/uploads\/FS_Logo_2zeilig_rot-300x83.jpg 300w, https:\/\/tomheithoff.de\/wp-content\/uploads\/FS_Logo_2zeilig_rot-150x42.jpg 150w, https:\/\/tomheithoff.de\/wp-content\/uploads\/FS_Logo_2zeilig_rot-768x213.jpg 768w, https:\/\/tomheithoff.de\/wp-content\/uploads\/FS_Logo_2zeilig_rot-1536x427.jpg 1536w, https:\/\/tomheithoff.de\/wp-content\/uploads\/FS_Logo_2zeilig_rot-2048x569.jpg 2048w, https:\/\/tomheithoff.de\/wp-content\/uploads\/FS_Logo_2zeilig_rot-624x173.jpg 624w\" sizes=\"auto, (max-width: 1024px) 100vw, 1024px\" \/><\/figure>\n\n\n\n<div class=\"wp-block-columns is-layout-flex wp-container-core-columns-is-layout-9d6595d7 wp-block-columns-is-layout-flex\">\n<div class=\"wp-block-column is-layout-flow wp-block-column-is-layout-flow\" style=\"flex-basis:100%\">\n<figure class=\"wp-block-image size-large is-resized\"><img loading=\"lazy\" decoding=\"async\" width=\"1024\" height=\"961\" src=\"https:\/\/tomheithoff.de\/wp-content\/uploads\/P1070861-Kopie-scaled-e1668948401732-1024x961.jpg\" alt=\"\" class=\"wp-image-1021\" style=\"width:255px;height:auto\" srcset=\"https:\/\/tomheithoff.de\/wp-content\/uploads\/P1070861-Kopie-scaled-e1668948401732-1024x961.jpg 1024w, https:\/\/tomheithoff.de\/wp-content\/uploads\/P1070861-Kopie-scaled-e1668948401732-300x281.jpg 300w, https:\/\/tomheithoff.de\/wp-content\/uploads\/P1070861-Kopie-scaled-e1668948401732-150x141.jpg 150w, https:\/\/tomheithoff.de\/wp-content\/uploads\/P1070861-Kopie-scaled-e1668948401732-768x720.jpg 768w, https:\/\/tomheithoff.de\/wp-content\/uploads\/P1070861-Kopie-scaled-e1668948401732-1536x1441.jpg 1536w, https:\/\/tomheithoff.de\/wp-content\/uploads\/P1070861-Kopie-scaled-e1668948401732-624x585.jpg 624w, https:\/\/tomheithoff.de\/wp-content\/uploads\/P1070861-Kopie-scaled-e1668948401732.jpg 1664w\" sizes=\"auto, (max-width: 1024px) 100vw, 1024px\" \/><figcaption class=\"wp-element-caption\">Sprecherin Mechtild Heithoff<\/figcaption><\/figure>\n\n\n\n<figure class=\"wp-block-image size-large is-resized\"><img loading=\"lazy\" decoding=\"async\" width=\"1024\" height=\"604\" src=\"https:\/\/tomheithoff.de\/wp-content\/uploads\/mircosetting_helmut1-scaled-e1668900137870-1024x604.jpg\" alt=\"\" class=\"wp-image-1118\" style=\"width:460px;height:auto\" srcset=\"https:\/\/tomheithoff.de\/wp-content\/uploads\/mircosetting_helmut1-scaled-e1668900137870-1024x604.jpg 1024w, https:\/\/tomheithoff.de\/wp-content\/uploads\/mircosetting_helmut1-scaled-e1668900137870-300x177.jpg 300w, https:\/\/tomheithoff.de\/wp-content\/uploads\/mircosetting_helmut1-scaled-e1668900137870-150x89.jpg 150w, https:\/\/tomheithoff.de\/wp-content\/uploads\/mircosetting_helmut1-scaled-e1668900137870-768x453.jpg 768w, https:\/\/tomheithoff.de\/wp-content\/uploads\/mircosetting_helmut1-scaled-e1668900137870-1536x907.jpg 1536w, https:\/\/tomheithoff.de\/wp-content\/uploads\/mircosetting_helmut1-scaled-e1668900137870-624x368.jpg 624w, https:\/\/tomheithoff.de\/wp-content\/uploads\/mircosetting_helmut1-scaled-e1668900137870.jpg 2016w\" sizes=\"auto, (max-width: 1024px) 100vw, 1024px\" \/><figcaption class=\"wp-element-caption\">Sprecher Helmut Hostnig (Foto: H. Hostnig)<\/figcaption><\/figure>\n\n\n\n<figure class=\"wp-block-image size-large is-resized\"><img loading=\"lazy\" decoding=\"async\" width=\"1024\" height=\"804\" src=\"https:\/\/tomheithoff.de\/wp-content\/uploads\/sw1-1-scaled-e1668900192563-1024x804.jpg\" alt=\"\" class=\"wp-image-1117\" style=\"width:475px;height:auto\" srcset=\"https:\/\/tomheithoff.de\/wp-content\/uploads\/sw1-1-scaled-e1668900192563-1024x804.jpg 1024w, https:\/\/tomheithoff.de\/wp-content\/uploads\/sw1-1-scaled-e1668900192563-300x235.jpg 300w, https:\/\/tomheithoff.de\/wp-content\/uploads\/sw1-1-scaled-e1668900192563-150x118.jpg 150w, https:\/\/tomheithoff.de\/wp-content\/uploads\/sw1-1-scaled-e1668900192563-768x603.jpg 768w, https:\/\/tomheithoff.de\/wp-content\/uploads\/sw1-1-scaled-e1668900192563-1536x1206.jpg 1536w, https:\/\/tomheithoff.de\/wp-content\/uploads\/sw1-1-scaled-e1668900192563-2048x1608.jpg 2048w, https:\/\/tomheithoff.de\/wp-content\/uploads\/sw1-1-scaled-e1668900192563-624x490.jpg 624w\" sizes=\"auto, (max-width: 1024px) 100vw, 1024px\" \/><figcaption class=\"wp-element-caption\">Sprecher Helmut Winkelvoss an der Axt (Foto: Juliette Heithoff)<\/figcaption><\/figure>\n<\/div>\n<\/div>\n","protected":false},"excerpt":{"rendered":"<p>&#8222;Wir machen Angebote. Angebote zur Lebenszeitverk\u00fcrzung, ja so kann man das sagen&#8220;, sagt die Regierungssprecherin. &#8222;Die Rentner m\u00fcssen endlich ihren Beitrag leisten und aufh\u00f6ren, immer l\u00e4nger leben zu wollen.&#8220; Zu wenig Geld in der Pflegekasse, zu viele Rentner auf dem Sofa, eine kaputte Pyramide und ein neues politisches Programm. Das bedeutet nichts Gutes&#8230; Pyramidenkorrektur &#8211;&#8230;<\/p>\n","protected":false},"author":1,"featured_media":1297,"comment_status":"closed","ping_status":"closed","sticky":false,"template":"","format":"standard","meta":{"_kad_post_transparent":"","_kad_post_title":"","_kad_post_layout":"","_kad_post_sidebar_id":"","_kad_post_content_style":"","_kad_post_vertical_padding":"","_kad_post_feature":"","_kad_post_feature_position":"","_kad_post_header":false,"_kad_post_footer":false,"_kad_post_classname":"","footnotes":""},"categories":[1],"tags":[],"class_list":["post-1115","post","type-post","status-publish","format-standard","has-post-thumbnail","hentry","category-allgemein"],"_links":{"self":[{"href":"https:\/\/tomheithoff.de\/index.php?rest_route=\/wp\/v2\/posts\/1115","targetHints":{"allow":["GET"]}}],"collection":[{"href":"https:\/\/tomheithoff.de\/index.php?rest_route=\/wp\/v2\/posts"}],"about":[{"href":"https:\/\/tomheithoff.de\/index.php?rest_route=\/wp\/v2\/types\/post"}],"author":[{"embeddable":true,"href":"https:\/\/tomheithoff.de\/index.php?rest_route=\/wp\/v2\/users\/1"}],"replies":[{"embeddable":true,"href":"https:\/\/tomheithoff.de\/index.php?rest_route=%2Fwp%2Fv2%2Fcomments&post=1115"}],"version-history":[{"count":25,"href":"https:\/\/tomheithoff.de\/index.php?rest_route=\/wp\/v2\/posts\/1115\/revisions"}],"predecessor-version":[{"id":1384,"href":"https:\/\/tomheithoff.de\/index.php?rest_route=\/wp\/v2\/posts\/1115\/revisions\/1384"}],"wp:featuredmedia":[{"embeddable":true,"href":"https:\/\/tomheithoff.de\/index.php?rest_route=\/wp\/v2\/media\/1297"}],"wp:attachment":[{"href":"https:\/\/tomheithoff.de\/index.php?rest_route=%2Fwp%2Fv2%2Fmedia&parent=1115"}],"wp:term":[{"taxonomy":"category","embeddable":true,"href":"https:\/\/tomheithoff.de\/index.php?rest_route=%2Fwp%2Fv2%2Fcategories&post=1115"},{"taxonomy":"post_tag","embeddable":true,"href":"https:\/\/tomheithoff.de\/index.php?rest_route=%2Fwp%2Fv2%2Ftags&post=1115"}],"curies":[{"name":"wp","href":"https:\/\/api.w.org\/{rel}","templated":true}]}}