{"id":848,"date":"2018-06-27T22:41:50","date_gmt":"2018-06-27T20:41:50","guid":{"rendered":"https:\/\/tomheithoff.de\/?p=848"},"modified":"2018-07-19T12:14:20","modified_gmt":"2018-07-19T10:14:20","slug":"2550-am-29-6-2018-auf-swr-2","status":"publish","type":"post","link":"https:\/\/tomheithoff.de\/?p=848","title":{"rendered":"&#8222;2550&#8220; am 29.7.2018 auf Swr 2"},"content":{"rendered":"<p><span style=\"color: #ff6600;\"><strong>Weitere Sendung<\/strong>\u00a0<\/span><strong>\u00a0am SO, 29. Juli um 19 Uhr 30 auf SWR 2<\/strong>\u00a0 Mehrspur \u00a0+ Gespr\u00e4ch mit Wolfram Wessels.<\/p>\n<p><span style=\"color: #000000;\">Auf 2550 Metern H\u00f6he ist die Luft schon merklich d\u00fcnn. Vielleicht redet man deshalb in den Bergen soviel Unsinn. Der Autor steigt mit seinen T\u00f6chtern in Richtung Gipfel. Der ist nat\u00fcrlich unerreichbar. Aber seine N\u00e4he setzt Fragen frei, die man sich im Tal eher selten stellt&#8230;<\/span><br \/>\n<span style=\"color: #000000;\">Mein H\u00f6rst\u00fcck <strong>2550<\/strong>, das im Rahmen des<\/span> <a href=\"https:\/\/dokka.de\/p\/kurzdoku-wettbewerb\"><strong><span style=\"color: #ff6600;\">Dokka-Festivals 2018<\/span><\/strong><\/a> <span style=\"color: #000000;\">den 2. Preis in der Kategorie Kurzdoku erhielt, wird am Freitag \/ 29. 6. 2018 \/ um 10 Uhr 05 auf SWR 2<strong>\u00a0<\/strong>gesendet<\/span>.<\/p>\n<p><a href=\"http:\/\/www.dokublog.de\/a\/dokka-5\"><span style=\"color: #339966;\">online hier zu h\u00f6ren<\/span><\/a><\/p>\n<p><img loading=\"lazy\" decoding=\"async\" class=\"alignnone wp-image-850\" src=\"https:\/\/tomheithoff.de\/wp-content\/uploads\/Berg.jpg\" alt=\"\" width=\"271\" height=\"203\" srcset=\"https:\/\/tomheithoff.de\/wp-content\/uploads\/Berg.jpg 1600w, https:\/\/tomheithoff.de\/wp-content\/uploads\/Berg-150x113.jpg 150w, https:\/\/tomheithoff.de\/wp-content\/uploads\/Berg-300x225.jpg 300w, https:\/\/tomheithoff.de\/wp-content\/uploads\/Berg-768x576.jpg 768w, https:\/\/tomheithoff.de\/wp-content\/uploads\/Berg-1024x768.jpg 1024w, https:\/\/tomheithoff.de\/wp-content\/uploads\/Berg-624x468.jpg 624w\" sizes=\"auto, (max-width: 271px) 100vw, 271px\" \/><\/p>\n","protected":false},"excerpt":{"rendered":"<p>Weitere Sendung\u00a0\u00a0am SO, 29. Juli um 19 Uhr 30 auf SWR 2\u00a0 Mehrspur \u00a0+ Gespr\u00e4ch mit Wolfram Wessels. Auf 2550 Metern H\u00f6he ist die Luft schon merklich d\u00fcnn. Vielleicht redet man deshalb in den Bergen soviel Unsinn. Der Autor steigt mit seinen T\u00f6chtern in Richtung Gipfel. Der ist nat\u00fcrlich unerreichbar. Aber seine N\u00e4he setzt Fragen&#8230;<\/p>\n","protected":false},"author":1,"featured_media":0,"comment_status":"closed","ping_status":"closed","sticky":false,"template":"","format":"standard","meta":{"_kad_post_transparent":"","_kad_post_title":"","_kad_post_layout":"","_kad_post_sidebar_id":"","_kad_post_content_style":"","_kad_post_vertical_padding":"","_kad_post_feature":"","_kad_post_feature_position":"","_kad_post_header":false,"_kad_post_footer":false,"_kad_post_classname":"","footnotes":""},"categories":[1],"tags":[],"class_list":["post-848","post","type-post","status-publish","format-standard","hentry","category-allgemein"],"_links":{"self":[{"href":"https:\/\/tomheithoff.de\/index.php?rest_route=\/wp\/v2\/posts\/848","targetHints":{"allow":["GET"]}}],"collection":[{"href":"https:\/\/tomheithoff.de\/index.php?rest_route=\/wp\/v2\/posts"}],"about":[{"href":"https:\/\/tomheithoff.de\/index.php?rest_route=\/wp\/v2\/types\/post"}],"author":[{"embeddable":true,"href":"https:\/\/tomheithoff.de\/index.php?rest_route=\/wp\/v2\/users\/1"}],"replies":[{"embeddable":true,"href":"https:\/\/tomheithoff.de\/index.php?rest_route=%2Fwp%2Fv2%2Fcomments&post=848"}],"version-history":[{"count":11,"href":"https:\/\/tomheithoff.de\/index.php?rest_route=\/wp\/v2\/posts\/848\/revisions"}],"predecessor-version":[{"id":862,"href":"https:\/\/tomheithoff.de\/index.php?rest_route=\/wp\/v2\/posts\/848\/revisions\/862"}],"wp:attachment":[{"href":"https:\/\/tomheithoff.de\/index.php?rest_route=%2Fwp%2Fv2%2Fmedia&parent=848"}],"wp:term":[{"taxonomy":"category","embeddable":true,"href":"https:\/\/tomheithoff.de\/index.php?rest_route=%2Fwp%2Fv2%2Fcategories&post=848"},{"taxonomy":"post_tag","embeddable":true,"href":"https:\/\/tomheithoff.de\/index.php?rest_route=%2Fwp%2Fv2%2Ftags&post=848"}],"curies":[{"name":"wp","href":"https:\/\/api.w.org\/{rel}","templated":true}]}}